{"id":74,"date":"2015-06-11T20:51:19","date_gmt":"2015-06-11T20:51:19","guid":{"rendered":"http:\/\/kapacomercio.com.br\/novo\/?p=74"},"modified":"2015-06-11T20:52:36","modified_gmt":"2015-06-11T20:52:36","slug":"especialista-em-saneamento-ambiental-fala-sobre-balneabilidade","status":"publish","type":"post","link":"http:\/\/kapacomercio.com.br\/novo\/especialista-em-saneamento-ambiental-fala-sobre-balneabilidade\/","title":{"rendered":"Especialista em saneamento ambiental fala sobre balneabilidade"},"content":{"rendered":"<p style=\"text-align: justify;\"><!--more--><\/p>\n<p style=\"text-align: justify;\">Praticamente todas as praias da capital est\u00e3o impr\u00f3prias para banho.<br \/>\nApenas um ponto da orla apresenta condi\u00e7\u00f5es, aponta Sema.<\/p>\n<p style=\"text-align: justify;\">A polui\u00e7\u00e3o dos rios interfere diretamente nas condi\u00e7\u00f5es de balneabilidade das praias da capital. Segundo o \u00faltimo laudo da Secretaria Estadual de Meio Ambiente (Sema), praticamente todas as praias da regi\u00e3o metropolitana de <a class=\"premium-tip\" href=\"http:\/\/g1.globo.com\/ma\/maranhao\/cidade\/sao-luis.html\">S\u00e3o Lu\u00eds<\/a> est\u00e3o impr\u00f3prias para o banho.<\/p>\n<p style=\"text-align: justify;\">Na \u00faltima nota t\u00e9cnica da Sema sobre as condi\u00e7\u00f5es de banho, apenas um ponto no Ara\u00e7agi est\u00e1 com condi\u00e7\u00f5es pr\u00f3prias. O rep\u00f3rter Douglas Pinto conversou com o doutor em saneamento ambiental L\u00facio Macedo sobre o assunto<\/p>\n","protected":false},"excerpt":{"rendered":"","protected":false},"author":1,"featured_media":0,"comment_status":"open","ping_status":"open","sticky":false,"template":"","format":"standard","meta":{"footnotes":""},"categories":[3],"tags":[],"class_list":["post-74","post","type-post","status-publish","format-standard","hentry","category-noticias"],"_links":{"self":[{"href":"http:\/\/kapacomercio.com.br\/novo\/wp-json\/wp\/v2\/posts\/74","targetHints":{"allow":["GET"]}}],"collection":[{"href":"http:\/\/kapacomercio.com.br\/novo\/wp-json\/wp\/v2\/posts"}],"about":[{"href":"http:\/\/kapacomercio.com.br\/novo\/wp-json\/wp\/v2\/types\/post"}],"author":[{"embeddable":true,"href":"http:\/\/kapacomercio.com.br\/novo\/wp-json\/wp\/v2\/users\/1"}],"replies":[{"embeddable":true,"href":"http:\/\/kapacomercio.com.br\/novo\/wp-json\/wp\/v2\/comments?post=74"}],"version-history":[{"count":2,"href":"http:\/\/kapacomercio.com.br\/novo\/wp-json\/wp\/v2\/posts\/74\/revisions"}],"predecessor-version":[{"id":76,"href":"http:\/\/kapacomercio.com.br\/novo\/wp-json\/wp\/v2\/posts\/74\/revisions\/76"}],"wp:attachment":[{"href":"http:\/\/kapacomercio.com.br\/novo\/wp-json\/wp\/v2\/media?parent=74"}],"wp:term":[{"taxonomy":"category","embeddable":true,"href":"http:\/\/kapacomercio.com.br\/novo\/wp-json\/wp\/v2\/categories?post=74"},{"taxonomy":"post_tag","embeddable":true,"href":"http:\/\/kapacomercio.com.br\/novo\/wp-json\/wp\/v2\/tags?post=74"}],"curies":[{"name":"wp","href":"https:\/\/api.w.org\/{rel}","templated":true}]}}